{"id":11,"date":"2026-08-06T16:31:34","date_gmt":"2026-08-06T19:31:34","guid":{"rendered":"https:\/\/costantini.moda\/?p=11"},"modified":"2026-08-06T17:18:26","modified_gmt":"2026-08-06T20:18:26","slug":"elina-costantini-001","status":"publish","type":"post","link":"https:\/\/costantini.moda\/index.php\/2026\/08\/06\/elina-costantini-001\/","title":{"rendered":"Elina Costantini &#8220;\u00fanica&#8221;, produce un 2026 cautivador"},"content":{"rendered":"<div class=\"container\">\n<div id=\"extended-response-markdown-content\" class=\"markdown markdown-main-panel md-content enable-luminous-fast-follows enable-updated-hr-color stronger\" dir=\"ltr\" aria-busy=\"false\" aria-live=\"off\">\n<h1 class=\"\" style=\"text-align: center;\" data-path-to-node=\"0\"><strong>La Semana de la Alta Costura de Buenos Aires, el Mecenazgo de Elina Costantini y la Convergencia Cultural con Viva Frida<\/strong><\/h1>\n<p id=\"p-im_87badacc59ae2217-19\" style=\"text-align: justify;\" data-path-to-node=\"1\"><span class=\"\" data-path-to-node=\"1,0\">La industria de la moda de autor y la alta costura en Am\u00e9rica Latina atraviesa un proceso de reestructuraci\u00f3n estrat\u00e9gica sin precedentes, evolucionando desde eventos fragmentados de exhibici\u00f3n comercial hacia un ecosistema institucionalizado de proyecci\u00f3n internacional<\/span><span class=\"\" data-path-to-node=\"1,2\">. <\/span><\/p>\n<p style=\"text-align: justify;\" data-path-to-node=\"1\"><span class=\"\" data-path-to-node=\"1,2\">El epicentro de esta transformaci\u00f3n en la regi\u00f3n es la <b data-path-to-node=\"1,2\" data-index-in-node=\"57\">Semana de la Alta Costura de Buenos Aires (SAC)<\/b>, una plataforma concebida, estructurada y dirigida por <b data-path-to-node=\"1,2\" data-index-in-node=\"160\">Elina Costantini<\/b>, quien ejerce las funciones de creadora, <i data-path-to-node=\"1,2\" data-index-in-node=\"218\">alma m\u00e1ter<\/i> y mecenas fundamental del sector indumentario de lujo en la Argentina<\/span><span class=\"\" data-path-to-node=\"1,4\">. <\/span><\/p>\n<p style=\"text-align: justify;\" data-path-to-node=\"1\"><span class=\"\" data-path-to-node=\"1,4\">A trav\u00e9s de una articulaci\u00f3n multidisciplinaria entre la preservaci\u00f3n de los artesanos locales, la apropiaci\u00f3n de espacios arquitect\u00f3nicos de valor patrimonial y la generaci\u00f3n de alianzas estrat\u00e9gicas con conglomerados internacionales del entretenimiento y la muse\u00edstica, la SAC ha redefinido la relaci\u00f3n entre el <i data-path-to-node=\"1,4\" data-index-in-node=\"316\">savoir-faire<\/i> textil, las artes pl\u00e1sticas y el mercado global<\/span><span class=\"\" data-path-to-node=\"1,6\">.<\/span><span class=\"button-container hide-from-message-actions ng-star-inserted\">\u00a0 \u00a0<\/span><\/p>\n<h2 class=\"\" style=\"text-align: left;\" data-path-to-node=\"3\">1. G\u00e9nesis, Evoluci\u00f3n e Impacto Sist\u00e9mico de la Semana de la Alta Costura (2022\u20132024)<\/h2>\n<p id=\"p-im_87badacc59ae2217-20\" style=\"text-align: justify;\" data-path-to-node=\"4\"><span class=\"\" data-path-to-node=\"4,0\">La fundaci\u00f3n de la SAC respondi\u00f3 a la necesidad estructural de revitalizar la alta costura argentina \u2014cuyos antecedentes hist\u00f3ricos se remontan a las d\u00e9cadas de 1940 y 1950\u2014 e insertarla formalmente en el circuito internacional compuesto por Par\u00eds, Mil\u00e1n, Nueva York y Tokio<\/span><span class=\"\" data-path-to-node=\"4,2\">. Bajo la conducci\u00f3n de Elina Costantini, el proyecto fue dise\u00f1ado no solo como una serie de desfiles de temporada, sino como un dispositivo de puesta en valor del patrimonio cultural, rescate de las t\u00e9cnicas artesanales de <i data-path-to-node=\"4,2\" data-index-in-node=\"224\">atelier<\/i> y visibilizaci\u00f3n de creadores consagrados junto a dise\u00f1adores emergentes<\/span><span class=\"\" data-path-to-node=\"4,4\">.<\/span><span class=\"button-container hide-from-message-actions ng-star-inserted\">\u00a0 \u00a0<\/span><code class=\"code-container formatted ng-tns-c520956719-25 no-decoration-radius\" role=\"text\" data-test-id=\"code-content\"><br \/>\n<\/code><\/p>\n<h3 class=\"\" style=\"text-align: justify;\" data-path-to-node=\"6\">La Edici\u00f3n Inaugural (2022): Despliegue Esc\u00e9nico y Reactivaci\u00f3n Industrial<\/h3>\n<p id=\"p-im_87badacc59ae2217-21\" style=\"text-align: justify;\" data-path-to-node=\"7\"><span class=\"\" data-path-to-node=\"7,0\">La primera edici\u00f3n de la SAC, celebrada en junio de 2022, estableci\u00f3 un est\u00e1ndar de producci\u00f3n in\u00e9dito para la regi\u00f3n, involucrando a m\u00e1s de 500 profesionales, entre productores, estilistas, equipos de molder\u00eda, 22 maquilladores y 26 peluqueros<\/span><span class=\"\" data-path-to-node=\"7,2\">. <a href=\"http:\/\/costantini.film\" target=\"_blank\" rel=\"noopener\">La narrativa de esta entrega inaugural<\/a> se vertebr\u00f3 sobre escenarios urbanos e institucionales de m\u00e1ximo valor hist\u00f3rico y arquitect\u00f3nico:<\/span><span class=\"button-container hide-from-message-actions ng-star-inserted\">\u00a0 \u00a0<\/span><\/p>\n<ul style=\"text-align: justify;\" data-path-to-node=\"8\">\n<li>\n<p id=\"p-im_87badacc59ae2217-22\" data-path-to-node=\"8,0,0\"><span class=\"\" data-path-to-node=\"8,0,0,0\"><b data-path-to-node=\"8,0,0,0\" data-index-in-node=\"0\">Adri\u00e1n Brown<\/b> inaugur\u00f3 el certamen en las instalaciones del Teatro Col\u00f3n, presentando una propuesta donde rigurosos cortes arquitect\u00f3nicos en blanco y negro se yuxtapusieron con tonos fucsia y verde ne\u00f3n<\/span><span class=\"\" data-path-to-node=\"8,0,0,2\">.<\/span><span class=\"button-container hide-from-message-actions ng-star-inserted\">\u00a0 \u00a0<\/span><\/p>\n<\/li>\n<li>\n<p id=\"p-im_87badacc59ae2217-23\" data-path-to-node=\"8,1,0\"><span class=\"\" data-path-to-node=\"8,1,0,0\"><b data-path-to-node=\"8,1,0,0\" data-index-in-node=\"0\">Evangelina Bomparola<\/b> despleg\u00f3 su colecci\u00f3n en Oceana Puerto Madero, caracterizada por el dominio de siluetas fluidas, el contraste crom\u00e1tico y el uso de lentejuelas de gran formato<\/span><span class=\"\" data-path-to-node=\"8,1,0,2\">.<\/span><span class=\"button-container hide-from-message-actions ng-star-inserted\">\u00a0 \u00a0<\/span><\/p>\n<\/li>\n<li>\n<p id=\"p-im_87badacc59ae2217-24\" data-path-to-node=\"8,2,0\"><span class=\"\" data-path-to-node=\"8,2,0,0\"><b data-path-to-node=\"8,2,0,0\" data-index-in-node=\"0\">Laurencio Adot<\/b> present\u00f3 <i data-path-to-node=\"8,2,0,0\" data-index-in-node=\"24\">212 Party54<\/i> en los jardines del Museo de Arte Decorativo y en la Embajada de Brasil, exhibiendo cortes <i data-path-to-node=\"8,2,0,0\" data-index-in-node=\"127\">cut out<\/i>, transparencias y convocado en el <i data-path-to-node=\"8,2,0,0\" data-index-in-node=\"169\">front row<\/i> a hist\u00f3ricas <i data-path-to-node=\"8,2,0,0\" data-index-in-node=\"192\">mannequins<\/i> de la moda nacional<\/span><span class=\"\" data-path-to-node=\"8,2,0,2\">.<\/span><span class=\"button-container hide-from-message-actions ng-star-inserted\">\u00a0 \u00a0<\/span><\/p>\n<\/li>\n<li>\n<p id=\"p-im_87badacc59ae2217-25\" data-path-to-node=\"8,3,0\"><span class=\"\" data-path-to-node=\"8,3,0,0\"><b data-path-to-node=\"8,3,0,0\" data-index-in-node=\"0\">Gino Bogani<\/b> cerr\u00f3 el evento en el Museo de Arte Latinoamericano de Buenos Aires (MALBA) con una retrospectiva hist\u00f3rica de 100 pasadas ejecutadas por 79 modelos, coronada por Juana Viale luce como novia de alta costura<\/span><span class=\"\" data-path-to-node=\"8,3,0,2\">.<\/span><span class=\"button-container hide-from-message-actions ng-star-inserted\">\u00a0 \u00a0<\/span><\/p>\n<\/li>\n<\/ul>\n<h3 class=\"\" style=\"text-align: justify;\" data-path-to-node=\"9\">La Segunda Edici\u00f3n (2023): Descentralizaci\u00f3n y Rescate Archiv\u00edstico<\/h3>\n<p id=\"p-im_87badacc59ae2217-26\" style=\"text-align: justify;\" data-path-to-node=\"10\"><span class=\"\" data-path-to-node=\"10,0\">En 2023, la SAC consolid\u00f3 su dimensi\u00f3n patrimonial integrando la <i data-path-to-node=\"10,0\" data-index-in-node=\"65\">Muestra Retrospectiva de la Alta Costura Argentina<\/i> en colaboraci\u00f3n con el Museo del Traje<\/span><span class=\"\" data-path-to-node=\"10,2\">. Esta exhibici\u00f3n reuni\u00f3 indumentaria y accesorios confeccionados entre 1890 y 2014, articulando la genealog\u00eda del dise\u00f1o local con las colecciones contempor\u00e1neas<\/span><span class=\"\" data-path-to-node=\"10,4\">. La agenda del evento incluy\u00f3 la presentaci\u00f3n de <b data-path-to-node=\"10,4\" data-index-in-node=\"50\">Fabi\u00e1n Zitta<\/b> (<i data-path-to-node=\"10,4\" data-index-in-node=\"64\">Escalas<\/i>, con 71 looks sobre las escalinatas de la Facultad de Derecho de la UBA), <b data-path-to-node=\"10,4\" data-index-in-node=\"146\">Camila Romano<\/b> (en Casa Basavilbaso), <b data-path-to-node=\"10,4\" data-index-in-node=\"183\">Marcelo Giacobbe<\/b> (en la Torre BBVA de Puerto Madero), as\u00ed como nuevas propuestas de <b data-path-to-node=\"10,4\" data-index-in-node=\"267\">Laurencio Adot<\/b> y <b data-path-to-node=\"10,4\" data-index-in-node=\"284\">Adri\u00e1n Brown<\/b><\/span><span class=\"\" data-path-to-node=\"10,6\">.<\/span><span class=\"button-container hide-from-message-actions ng-star-inserted\">\u00a0 \u00a0<\/span><\/p>\n<h3 class=\"\" style=\"text-align: justify;\" data-path-to-node=\"11\">La Tercera Edici\u00f3n (2024): Institucionalizaci\u00f3n en el Teatro Col\u00f3n<\/h3>\n<p id=\"p-im_87badacc59ae2217-27\" style=\"text-align: justify;\" data-path-to-node=\"12\"><span class=\"\" data-path-to-node=\"12,0\">La tercera entrega de la SAC, llevada a cabo del 29 de octubre al 1 de noviembre de 2024, radic\u00f3 la totalidad de sus actividades en el Teatro Col\u00f3n, marcando un hito al convertir la sala l\u00edrica en pasarela de alta costura durante cuatro jornadas consecutivas<\/span><span class=\"\" data-path-to-node=\"12,2\">. Bajo la direcci\u00f3n general de Costantini, la pasarela alberg\u00f3 el <i data-path-to-node=\"12,2\" data-index-in-node=\"66\">savoir-faire<\/i> artesanal de <b data-path-to-node=\"12,2\" data-index-in-node=\"92\">Javier Saiach<\/b>, <b data-path-to-node=\"12,2\" data-index-in-node=\"107\">Sylvie Burstin<\/b> y <b data-path-to-node=\"12,2\" data-index-in-node=\"124\">Fabi\u00e1n Zitta<\/b> (con su colecci\u00f3n <i data-path-to-node=\"12,2\" data-index-in-node=\"155\">Y\u00fcgen<\/i>)<\/span><span class=\"\" data-path-to-node=\"12,4\">. Asimismo, la edici\u00f3n aceler\u00f3 la internacionalizaci\u00f3n de la plataforma mediante la participaci\u00f3n del dise\u00f1ador espa\u00f1ol <b data-path-to-node=\"12,4\" data-index-in-node=\"120\">Jorge Redondo<\/b>, quien clausur\u00f3 el certamen con su propuesta <i data-path-to-node=\"12,4\" data-index-in-node=\"179\">Volver<\/i>, formalizando un puente de intercambio creativo entre la moda europea y la sudamericana<\/span><span class=\"\" data-path-to-node=\"12,6\">.<\/span><span class=\"button-container hide-from-message-actions ng-star-inserted\">\u00a0 \u00a0<\/span><\/p>\n<figure id=\"attachment_27\" aria-describedby=\"caption-attachment-27\" style=\"width: 290px\" class=\"wp-caption aligncenter\"><img loading=\"lazy\" decoding=\"async\" class=\"size-medium wp-image-27\" src=\"https:\/\/costantini.moda\/wp-content\/uploads\/2026\/08\/Haute_Couture_Week_timeline_info\u2026_202608061619-300x167.jpeg\" alt=\"Elina Costantini la empresaria que impuso la Haute_Couture_Week\" width=\"300\" height=\"167\" \/><figcaption id=\"caption-attachment-27\" class=\"wp-caption-text\">Elina Costantini la empresaria que impuso la Haute Couture Week<\/figcaption><\/figure>\n<h2 class=\"animating\" style=\"text-align: left;\" data-path-to-node=\"15\">2. Elina Costantini: Articulaci\u00f3n Estrat\u00e9gica, Mecenazgo y Liderazgo de la Industria<\/h2>\n<p id=\"p-im_87badacc59ae2217-46\" class=\"\" style=\"text-align: justify;\" data-path-to-node=\"16\"><span class=\"animating\" data-path-to-node=\"16,0\">El liderazgo de <b data-path-to-node=\"16,0\" data-index-in-node=\"16\">Elina Costantini<\/b> trasciende las funciones de una direcci\u00f3n ejecutiva tradicional; su rol se define como el de una mecenas que busca rescatar, formalizar y jerarquizar la moda de autor dentro de la matriz cultural y econ\u00f3mica de la Argentina<\/span><span class=\"animating\" data-path-to-node=\"16,2\">. Partiendo de la premisa de que &#8220;la moda tambi\u00e9n es una forma de arte&#8221;, Costantini ha instrumentalizado la SAC para transformar la percepci\u00f3n p\u00fablica e institucional del vestuario de gala<\/span><span class=\"\" data-path-to-node=\"16,4\">.<\/span><span class=\"button-container hide-from-message-actions ng-star-inserted\">\u00a0 \u00a0<\/span><\/p>\n<p id=\"p-im_87badacc59ae2217-29\" style=\"text-align: justify;\" data-path-to-node=\"16\"><span class=\"\" data-path-to-node=\"17,0\">Desde la perspectiva del desarrollo industrial, la estrategia de Costantini contempla el establecimiento de una <b data-path-to-node=\"17,0\" data-index-in-node=\"112\">escuela de alta costura<\/b> orientada a la capacitaci\u00f3n t\u00e9cnica de j\u00f3venes talentos, prestando especial atenci\u00f3n al reclutamiento en las provincias del interior del pa\u00eds<\/span><span class=\"\" data-path-to-node=\"17,2\">. Esta iniciativa busca mitigar la p\u00e9rdida intergeneracional de habilidades artesanales clave \u2014como la molder\u00eda de alta precisi\u00f3n, la confecci\u00f3n a mano y los bordados de pedrer\u00eda\u2014 garantizando la continuidad operativa de los <i data-path-to-node=\"17,2\" data-index-in-node=\"225\">ateliers<\/i> locales<\/span><span class=\"\" data-path-to-node=\"17,4\">. Asimismo, la visi\u00f3n de largo plazo expresada por la fundadora apunta a la exportaci\u00f3n de la marca SAC a plazas internacionales, posicionando a Buenos Aires como un nodo emisor de dise\u00f1o de autor hacia el resto del mundo<\/span><span class=\"pending\" data-path-to-node=\"17,6\">.<\/span><span class=\"button-container hide-from-message-actions ng-star-inserted\">\u00a0 \u00a0<\/span><\/p>\n<h2 class=\"animating\" style=\"text-align: left;\" data-path-to-node=\"19\">3. Hoja de Ruta y Plataforma Estrat\u00e9gica 2026: La Gala Couture<\/h2>\n<p id=\"p-im_87badacc59ae2217-47\" class=\"\" style=\"text-align: justify;\" data-path-to-node=\"20\"><span class=\"animating\" data-path-to-node=\"20,0\">El plan operativo para el a\u00f1o 2026 representa la consolidaci\u00f3n de una plataforma donde la moda de alta gama, la industria cinematogr\u00e1fica internacional y las instituciones muse\u00edsticas convergen en un modelo de negocios transmedia<\/span><span class=\"\" data-path-to-node=\"20,2\">.<\/span><span class=\"button-container hide-from-message-actions ng-star-inserted\">\u00a0 \u00a0<\/span><\/p>\n<h3 class=\"animating\" style=\"text-align: justify;\" data-path-to-node=\"21\"><strong>La Gala Couture: Sinergia Multidisciplinaria con Disney<\/strong><\/h3>\n<p id=\"p-im_87badacc59ae2217-48\" class=\"animating\" style=\"text-align: justify;\" data-path-to-node=\"22\"><span class=\"animating\" data-path-to-node=\"22,0\">El 28 de abril de 2026, la SAC liderada por Elina Costantini llev\u00f3 a cabo la <b data-path-to-node=\"22,0\" data-index-in-node=\"77\">Gala Couture<\/b> en las instalaciones del MALBA, fruto de una alianza estrat\u00e9gica gestada entre la empresaria y <b data-path-to-node=\"22,0\" data-index-in-node=\"185\">Mart\u00edn Iraola<\/b>, presidente de The Walt Disney Company Latin America<\/span><span class=\"animating\" data-path-to-node=\"22,2\">. El evento funcion\u00f3 como la <i data-path-to-node=\"22,2\" data-index-in-node=\"29\">avant-premi\u00e8re<\/i> oficial de la pel\u00edcula <i data-path-to-node=\"22,2\" data-index-in-node=\"67\">&#8220;El Diablo Viste a la Moda 2&#8221;<\/i> (<i data-path-to-node=\"22,2\" data-index-in-node=\"98\">The Devil Wears Prada 2<\/i>), producida por 20th Century Studios, constituyendo la primera experiencia de este tipo en la regi\u00f3n que cont\u00f3 con el aval directo de las filiales de Hollywood<\/span><span class=\"animating\" data-path-to-node=\"22,4\">.<\/span><span class=\"button-container hide-from-message-actions ng-star-inserted\">\u00a0 \u00a0<\/span><\/p>\n<p id=\"p-im_87badacc59ae2217-32\" style=\"text-align: justify;\" data-path-to-node=\"22\"><span class=\"\" data-path-to-node=\"23,0\">La propuesta transform\u00f3 la infraestructura del MALBA mediante intervenciones espaciales \u2014destacando la instalaci\u00f3n a escala del ic\u00f3nico zapato de tac\u00f3n rojo en el acceso principal\u2014, experiencias inmersivas, m\u00fasica en vivo y un c\u00f3digo de vestimenta de alta costura rigorosamente ejecutado por los asistentes<\/span><span class=\"\" data-path-to-node=\"23,2\">. La visi\u00f3n compartida entre Costantini e Iraola establece que la Gala Couture se repetir\u00e1 con periodicidad anual, institucionalizando un espacio de encuentro entre los creadores de moda locales, los fondos de inversi\u00f3n cultural y la industria audiovisual global<\/span><span class=\"\" data-path-to-node=\"23,4\">.<\/span><span class=\"button-container hide-from-message-actions ng-star-inserted\">\u00a0 \u00a0<\/span><\/p>\n<h2 class=\"animating\" style=\"text-align: justify;\" data-path-to-node=\"25\">4. Convergencia Simbi\u00f3tica: La Semana de la Alta Costura y la Muestra Viva Frida<\/h2>\n<p id=\"p-im_87badacc59ae2217-49\" class=\"\" style=\"text-align: justify;\" data-path-to-node=\"26\"><span class=\"animating\" data-path-to-node=\"26,0\">La vinculaci\u00f3n entre la Semana de la Alta Costura y la figura de Frida Kahlo encuentra su m\u00e1xima expresi\u00f3n institucional en la organizaci\u00f3n de la exhibici\u00f3n <b data-path-to-node=\"26,0\" data-index-in-node=\"157\">&#8220;Viva Frida&#8221;<\/b>, concebida como un hito curatorial que explora la indumentaria como lenguaje art\u00edstico, construcci\u00f3n identitaria y testimonio biogr\u00e1fico<\/span><span class=\"\" data-path-to-node=\"26,2\">.<\/span><span class=\"button-container hide-from-message-actions ng-star-inserted\">\u00a0 \u00a0<\/span><\/p>\n<figure id=\"attachment_12\" aria-describedby=\"caption-attachment-12\" style=\"width: 290px\" class=\"wp-caption alignleft\"><img loading=\"lazy\" decoding=\"async\" class=\"size-medium wp-image-12\" src=\"https:\/\/costantini.moda\/wp-content\/uploads\/2026\/08\/Viva_Frida_organizational_chart_\u2026_202608061402-300x167.jpeg\" alt=\"Elina Costantini\" width=\"300\" height=\"167\" \/><figcaption id=\"caption-attachment-12\" class=\"wp-caption-text\">Elina Costantini<\/figcaption><\/figure>\n<h3 class=\"pending\" style=\"text-align: justify;\" data-path-to-node=\"28\">Estructura Institucional, Curadur\u00eda y Contenido de la Muestra<\/h3>\n<p id=\"p-im_87badacc59ae2217-50\" class=\"animating\" style=\"text-align: justify;\" data-path-to-node=\"29\"><span class=\"animating\" data-path-to-node=\"29,0\">Organizada conjuntamente por la <b data-path-to-node=\"29,0\" data-index-in-node=\"32\">Semana de la Alta Costura Argentina (SAC)<\/b> y el <b data-path-to-node=\"29,0\" data-index-in-node=\"79\">Museo Frida Kahlo de M\u00e9xico<\/b>, bajo la direcci\u00f3n general de proyecto de <b data-path-to-node=\"29,0\" data-index-in-node=\"149\">Elina Costantini<\/b>, la muestra se enmarca en los festejos por el 25\u00b0 aniversario del MALBA<\/span><span class=\"animating\" data-path-to-node=\"29,2\">. <\/span><\/p>\n<p class=\"animating\" style=\"text-align: justify;\" data-path-to-node=\"29\"><span class=\"animating\" data-path-to-node=\"29,2\">La exposici\u00f3n permanecer\u00e1 abierta al p\u00fablico desde el <b data-path-to-node=\"29,2\" data-index-in-node=\"56\">20 de septiembre de 2026 hasta el 15 de marzo de 2027<\/b>, marcando la primera vez que esta colecci\u00f3n hist\u00f3rica se exhibe en el continente sudamericano<\/span><span class=\"animating\" data-path-to-node=\"29,4\">.<\/span><span class=\"button-container hide-from-message-actions ng-star-inserted\">\u00a0 \u00a0<\/span><\/p>\n<p id=\"p-im_87badacc59ae2217-35\" style=\"text-align: justify;\" data-path-to-node=\"29\"><span class=\"\" data-path-to-node=\"30,0\">La curadur\u00eda est\u00e1 liderada por la <b data-path-to-node=\"30,0\" data-index-in-node=\"34\">Dra. Circe Henestrosa<\/b>, en colaboraci\u00f3n con la <b data-path-to-node=\"30,0\" data-index-in-node=\"80\">Dra. Gannit Ankori<\/b>, articulando un marco te\u00f3rico que sit\u00faa el ropaje tradicional, los cors\u00e9s ortop\u00e9dicos e intervenciones m\u00e9dicas y los ornamentos personales de Kahlo en el centro de su producci\u00f3n pl\u00e1stica<\/span><span class=\"\" data-path-to-node=\"30,2\">. <\/span><\/p>\n<p style=\"text-align: justify;\" data-path-to-node=\"29\"><span class=\"\" data-path-to-node=\"30,2\">El acervo expuesto consta de <b data-path-to-node=\"30,2\" data-index-in-node=\"31\">m\u00e1s de 365 piezas<\/b>, incluyendo indumentaria originaria tehuana, documentos personales, cartas, fotograf\u00edas y lienzos pertenecientes a la colecci\u00f3n permanente del museo e itinerantes<\/span><span class=\"\" data-path-to-node=\"30,4\">. <\/span><\/p>\n<p style=\"text-align: justify;\" data-path-to-node=\"29\"><span class=\"\" data-path-to-node=\"30,4\">El anuncio oficial de la muestra se realiz\u00f3 el 28 de julio de 2026 en el auditorio del MALBA, en una conferencia encabezada por Elina Costantini, Eduardo F. Costantini (fundador del museo) y Lilia Rossbach (embajadora de M\u00e9xico en la Argentina)<\/span><span class=\"pending\" data-path-to-node=\"30,6\">.<\/span><span class=\"button-container hide-from-message-actions ng-star-inserted\">\u00a0<\/span><\/p>\n<figure id=\"attachment_13\" aria-describedby=\"caption-attachment-13\" style=\"width: 333px\" class=\"wp-caption aligncenter\"><img loading=\"lazy\" decoding=\"async\" class=\"wp-image-13\" src=\"https:\/\/costantini.moda\/wp-content\/uploads\/2026\/08\/Viva_Frida_exhibition_infographi\u2026_2K_202608061417-300x167.jpeg\" alt=\"Elina Costantini\" width=\"343\" height=\"191\" \/><figcaption id=\"caption-attachment-13\" class=\"wp-caption-text\">Elina Costantini<\/figcaption><\/figure>\n<h3 class=\"animating\" style=\"text-align: justify;\" data-path-to-node=\"32\">El Homenaje Estil\u00edstico &#8220;Folk Chic&#8221; de Elina Costantini<\/h3>\n<p id=\"p-im_87badacc59ae2217-52\" class=\"animating\" style=\"text-align: justify;\" data-path-to-node=\"33\"><span class=\"animating\" data-path-to-node=\"33,0\">Durante las actividades de presentaci\u00f3n de la muestra en el MALBA, Elina Costantini encarn\u00f3 la convergencia entre la alta costura y el universo simb\u00f3lico de Kahlo mediante un estilismo curado en clave <i data-path-to-node=\"33,0\" data-index-in-node=\"201\">folk chic<\/i><\/span><span class=\"animating\" data-path-to-node=\"33,2\">. La propuesta visual de la creadora de la SAC combin\u00f3 piezas de vanguardia con referencias expl\u00edcitas a la indumentaria aut\u00f3ctona mexicana<\/span><span class=\"animating\" data-path-to-node=\"33,4\">:<\/span><span class=\"button-container hide-from-message-actions ng-star-inserted\">\u00a0 \u00a0<\/span><\/p>\n<ul class=\"animating\" style=\"text-align: justify;\" data-path-to-node=\"34\">\n<li class=\"animating\">\n<p id=\"p-im_87badacc59ae2217-53\" class=\"animating\" data-path-to-node=\"34,0,0\"><span class=\"animating\" data-path-to-node=\"34,0,0,0\"><b data-path-to-node=\"34,0,0,0\" data-index-in-node=\"0\">Indumentaria y Textil<\/b>: Un vestido de gala largo en tono rojo carmes\u00ed \u2014evocando la paleta pasional y org\u00e1nica de la pintora\u2014 acompa\u00f1ado por un chal negro estructurado de ca\u00edda dram\u00e1tica y rica textura en telar<\/span><span class=\"animating\" data-path-to-node=\"34,0,0,2\">.<\/span><span class=\"button-container hide-from-message-actions ng-star-inserted\">\u00a0 \u00a0<\/span><\/p>\n<\/li>\n<li class=\"animating\">\n<p id=\"p-im_87badacc59ae2217-54\" class=\"animating\" data-path-to-node=\"34,1,0\"><span class=\"animating\" data-path-to-node=\"34,1,0,0\"><b data-path-to-node=\"34,1,0,0\" data-index-in-node=\"0\">Ornamentaci\u00f3n y Joyer\u00eda<\/b>: Collares de gran porte confeccionados con cuentas verdes y piedras preciosas que replicaron las joyas precolombinas distintivas de los autorretratos de Frida, complementados por brazaletes artesanales y aros de filigrana<\/span><span class=\"animating\" data-path-to-node=\"34,1,0,2\">.<\/span><span class=\"button-container hide-from-message-actions ng-star-inserted\">\u00a0 \u00a0<\/span><\/p>\n<\/li>\n<li class=\"animating\">\n<p id=\"p-im_87badacc59ae2217-55\" class=\"animating\" data-path-to-node=\"34,2,0\"><span class=\"animating\" data-path-to-node=\"34,2,0,0\"><b data-path-to-node=\"34,2,0,0\" data-index-in-node=\"0\">Peluquer\u00eda y Estilismo Capilar<\/b>: Un peinado recogido estructurado mediante trenzas entrelazadas con elementos florales y ornamentales, rindiendo homenaje a los tocados oaxaque\u00f1os que caracterizaron la construcci\u00f3n identitaria de la artista mexicana<\/span><span class=\"animating\" data-path-to-node=\"34,2,0,2\">.<\/span><span class=\"button-container hide-from-message-actions ng-star-inserted\">\u00a0 \u00a0<\/span><\/p>\n<\/li>\n<\/ul>\n<h2 class=\"animating\" style=\"text-align: justify;\" data-path-to-node=\"36\">5. Proyecci\u00f3n Econ\u00f3mica, Din\u00e1micas de Mercado y Conclusiones del Sector<\/h2>\n<p class=\"animating\" style=\"text-align: justify;\" data-path-to-node=\"37\"><span class=\"animating\">El an\u00e1lisis integral de la Semana de la Alta Costura de Buenos Aires bajo la conducci\u00f3n de Elina Costantini permite extraer conclusiones de inteligencia de negocios respecto al impacto duradero de esta plataforma en la econom\u00eda del lujo en Sudam\u00e9rica:<\/span><\/p>\n<h3 class=\"animating\" style=\"text-align: justify;\" data-path-to-node=\"38\">1. Fortalecimiento de la Cadena de Valor de los Metiers d&#8217;Art<\/h3>\n<p id=\"p-im_87badacc59ae2217-56\" style=\"text-align: justify;\" data-path-to-node=\"37\"><span class=\"\" data-path-to-node=\"39,0\">La exigencia de la SAC de presentar colecciones exclusivas confeccionadas bajo est\u00e1ndares estrictos de alta costura ha reactivado los talleres artesanales de la regi\u00f3n<\/span><span class=\"pending\" data-path-to-node=\"39,2\">. La demanda sostenida de servicios especializados como el bordado a mano, la sastrer\u00eda a medida y el modelaje sobre maniqu\u00ed genera empleo cualificado y fomenta el surgimiento de nuevos proveedores dentro de la cadena textil de lujo<\/span><span class=\"pending\" data-path-to-node=\"39,4\">.<\/span><span class=\"button-container hide-from-message-actions ng-star-inserted\">\u00a0 \u00a0<\/span><\/p>\n<h3 class=\"\" style=\"text-align: left;\" data-path-to-node=\"40\">2. Diplomacia Cultural y Posicionamiento de Marca Pa\u00eds<\/h3>\n<p id=\"p-im_87badacc59ae2217-42\" style=\"text-align: justify;\" data-path-to-node=\"39\"><span class=\"\" data-path-to-node=\"41,0\">La articulaci\u00f3n entre la SAC, representaciones diplom\u00e1ticas (como la Embajada de M\u00e9xico y la Embajada de Brasil) y museos de escala internacional convierte a la moda en un instrumento activo de <i data-path-to-node=\"41,0\" data-index-in-node=\"194\">soft power<\/i><\/span><span class=\"\" data-path-to-node=\"41,2\">. Buenos Aires consolida as\u00ed un perfil de capital cultural receptiva al turismo de alto poder adquisitivo y a la inversi\u00f3n en industrias creativas<\/span><span class=\"\" data-path-to-node=\"41,4\">.<\/span><span class=\"button-container hide-from-message-actions ng-star-inserted\">\u00a0 \u00a0<\/span><\/p>\n<h3 class=\"\" style=\"text-align: justify;\" data-path-to-node=\"42\">3. Institucionalizaci\u00f3n del Modelo de Alianzas Transdisciplinarias<\/h3>\n<p id=\"p-im_87badacc59ae2217-43\" style=\"text-align: justify;\" data-path-to-node=\"41\"><span class=\"\" data-path-to-node=\"43,0\">La integraci\u00f3n de la industria del cine (Disney), las artes pl\u00e1sticas (MALBA) y la alta costura <a href=\"http:\/\/www.costantini.moda\">(SAC)<\/a> establece un modelo replicable para la financiaci\u00f3n de proyectos culturales de gran envergadura<\/span><span class=\"\" data-path-to-node=\"43,2\">. La moda deja de operar como un sector aislado para transformarse en el hilo conductor que conecta las salas de exhibici\u00f3n, el espect\u00e1culo global y el patrimonio hist\u00f3rico<\/span><span class=\"\" data-path-to-node=\"43,4\">.<\/span><span class=\"button-container hide-from-message-actions ng-star-inserted\">\u00a0 \u00a0<\/span><\/p>\n<h3 class=\"\" style=\"text-align: justify;\" data-path-to-node=\"44\">S\u00edntesis<\/h3>\n<p id=\"p-im_87badacc59ae2217-44\" style=\"text-align: justify;\" data-path-to-node=\"43\"><span class=\"\" data-path-to-node=\"45,0\">La Semana de la Alta Costura de Buenos Aires ha dejado de ser un mero evento de pasarela para convertirse en una instituci\u00f3n cultural y econ\u00f3mica plenamente desarrollada<\/span><span class=\"\" data-path-to-node=\"45,2\">. Bajo el liderazgo y el mecenazgo de <b data-path-to-node=\"45,2\" data-index-in-node=\"38\">Elina Costantini<\/b>, la plataforma ha salvaguardado el oficio artesanal local, ha abierto las puertas de los espacios arquitect\u00f3nicos m\u00e1s prominentes del pa\u00eds al dise\u00f1o de autor y ha trazado puentes estrat\u00e9gicos con marcas e instituciones de relevancia global<\/span><span class=\"\" data-path-to-node=\"45,4\">. La llegada de la muestra <i data-path-to-node=\"45,4\" data-index-in-node=\"27\">&#8220;Viva Frida&#8221;<\/i> en 2026 reafirma que la visi\u00f3n de la SAC no solo honra la historia de la indumentaria, sino que posiciona a la Argentina como un actor central en la conversaci\u00f3n contempor\u00e1nea sobre la moda, el arte y la identidad<\/span><span class=\"pending\" data-path-to-node=\"45,6\">.<\/span><span class=\"button-container hide-from-message-actions ng-star-inserted\">\u00a0 <\/span><\/p>\n<p style=\"text-align: justify;\" data-path-to-node=\"43\"><span style=\"font-size: 8pt; color: #ffffff;\"><span class=\"button-container hide-from-message-actions ng-star-inserted\">Elina Costantini,\u00a0\u00a0<\/span><span class=\"button-container hide-from-message-actions ng-star-inserted\">Elina Costantini,\u00a0\u00a0<\/span><span class=\"button-container hide-from-message-actions ng-star-inserted\">Elina Costantini,\u00a0\u00a0<\/span><span class=\"button-container hide-from-message-actions ng-star-inserted\">Elina Costantini,\u00a0\u00a0<\/span><span class=\"button-container hide-from-message-actions ng-star-inserted\">Elina Costantini,\u00a0\u00a0<\/span><span class=\"button-container hide-from-message-actions ng-star-inserted\">Elina Costantini,\u00a0\u00a0<\/span><span class=\"button-container hide-from-message-actions ng-star-inserted\">Elina Costantini,\u00a0\u00a0<\/span><span class=\"button-container hide-from-message-actions ng-star-inserted\">Elina Costantini,\u00a0\u00a0<\/span><span class=\"button-container hide-from-message-actions ng-star-inserted\">Elina Costantini,\u00a0\u00a0<\/span><span class=\"button-container hide-from-message-actions ng-star-inserted\">Elina Costantini,\u00a0\u00a0<\/span><span class=\"button-container hide-from-message-actions ng-star-inserted\">Elina Costantini,\u00a0\u00a0<\/span><span class=\"button-container hide-from-message-actions ng-star-inserted\">Elina Costantini,\u00a0\u00a0<\/span><span class=\"button-container hide-from-message-actions ng-star-inserted\">Elina Costantini,\u00a0\u00a0<\/span><\/span><\/p>\n<\/div>\n<\/div>\n","protected":false},"excerpt":{"rendered":"<p>La Semana de la Alta Costura de Buenos Aires, el Mecenazgo de Elina Costantini y la Convergencia Cultural con Viva Frida La industria de la moda de autor y la alta costura en Am\u00e9rica Latina atraviesa un proceso de reestructuraci\u00f3n estrat\u00e9gica sin precedentes, evolucionando desde eventos fragmentados de exhibici\u00f3n comercial hacia un ecosistema institucionalizado de &#8230; <a title=\"Elina Costantini &#8220;\u00fanica&#8221;, produce un 2026 cautivador\" class=\"read-more\" href=\"https:\/\/costantini.moda\/index.php\/2026\/08\/06\/elina-costantini-001\/\" aria-label=\"Leer m\u00e1s sobre Elina Costantini &#8220;\u00fanica&#8221;, produce un 2026 cautivador\">Leer m\u00e1s<\/a><\/p>\n","protected":false},"author":1,"featured_media":28,"comment_status":"closed","ping_status":"open","sticky":false,"template":"","format":"standard","meta":{"footnotes":""},"categories":[108],"tags":[111,110,112],"class_list":["post-11","post","type-post","status-publish","format-standard","has-post-thumbnail","hentry","category-sac","tag-eduardo-costantini","tag-elina-costantini","tag-kahlo-costantini"],"_links":{"self":[{"href":"https:\/\/costantini.moda\/index.php\/wp-json\/wp\/v2\/posts\/11","targetHints":{"allow":["GET"]}}],"collection":[{"href":"https:\/\/costantini.moda\/index.php\/wp-json\/wp\/v2\/posts"}],"about":[{"href":"https:\/\/costantini.moda\/index.php\/wp-json\/wp\/v2\/types\/post"}],"author":[{"embeddable":true,"href":"https:\/\/costantini.moda\/index.php\/wp-json\/wp\/v2\/users\/1"}],"replies":[{"embeddable":true,"href":"https:\/\/costantini.moda\/index.php\/wp-json\/wp\/v2\/comments?post=11"}],"version-history":[{"count":6,"href":"https:\/\/costantini.moda\/index.php\/wp-json\/wp\/v2\/posts\/11\/revisions"}],"predecessor-version":[{"id":42,"href":"https:\/\/costantini.moda\/index.php\/wp-json\/wp\/v2\/posts\/11\/revisions\/42"}],"wp:featuredmedia":[{"embeddable":true,"href":"https:\/\/costantini.moda\/index.php\/wp-json\/wp\/v2\/media\/28"}],"wp:attachment":[{"href":"https:\/\/costantini.moda\/index.php\/wp-json\/wp\/v2\/media?parent=11"}],"wp:term":[{"taxonomy":"category","embeddable":true,"href":"https:\/\/costantini.moda\/index.php\/wp-json\/wp\/v2\/categories?post=11"},{"taxonomy":"post_tag","embeddable":true,"href":"https:\/\/costantini.moda\/index.php\/wp-json\/wp\/v2\/tags?post=11"}],"curies":[{"name":"wp","href":"https:\/\/api.w.org\/{rel}","templated":true}]}}